{"id":3276,"date":"2026-09-01T22:03:36","date_gmt":"2026-09-01T22:03:36","guid":{"rendered":"https:\/\/ngcaerospace.com\/?p=3276"},"modified":"2026-09-01T22:04:09","modified_gmt":"2026-09-01T22:04:09","slug":"ngc-a-25-ans-retour-et-reflexions-apres-25-ans-de-contribution-a-lindustrie-aerospatiale-internationale","status":"publish","type":"post","link":"https:\/\/ngcaerospace.com\/fr\/ngc-a-25-ans-retour-et-reflexions-apres-25-ans-de-contribution-a-lindustrie-aerospatiale-internationale\/","title":{"rendered":"NGC a 25 ans &#8211; Retour et r\u00e9flexions apr\u00e8s 25 ans de contribution \u00e0 l&rsquo;industrie a\u00e9rospatiale internationale"},"content":{"rendered":"<p>Le 30 avril dernier, NGC a c\u00e9l\u00e9br\u00e9 ses 25 ans d\u2019histoire. Avant d\u2019\u00eatre l\u2019entreprise reconnue \u00e0 l\u2019international qu\u2019elle est, compos\u00e9e de quelques vingtaines de personnes passionn\u00e9es de haute technologie, NGC, c\u2019\u00e9tait une seule personne. En l\u2019honneur de nos 25 ans, on vous pr\u00e9sente les coulisses de la naissance de NGC, quelques moments marquants et nos r\u00e9flexions pour le futur de notre technologie et des secteurs spatiaux et a\u00e9riens qui sont en pleine transformation pr\u00e9sentement<\/p>\n<p><strong>L\u2019origine de NGC<\/strong><\/p>\n<p>C\u2019est en 2001 que NGC est n\u00e9, apr\u00e8s les travaux fructueux de Jean de Lafontaine sur PROBA-1. Le message de l\u2019Agence spatiale europ\u00e9enne (ESA) \u00e9tait clair\u00a0: on doit continuer de travailler sur le guidage, la navigation et la commande des leurs satellites, et \u00e7a ne pourra pas \u00eatre le travail d\u2019un seul homme. NGC a donc accueilli ses premiers employ\u00e9s en 2001. De ses premi\u00e8res ann\u00e9es, deux sont toujours pr\u00e9sents dans l\u2019\u00e9quipe est agissent maintenant comme les piliers de nos unit\u00e9s d\u2019affaires. Plusieurs ont suivi, et quoi qu\u2019ils ne sont plus tous pr\u00e9sents avec nous aujourd\u2019hui, ont contribu\u00e9 \u00e0 faire de NGC ce qu\u2019il est aujourd\u2019hui.<\/p>\n<p><strong>SOUVENIRS <\/strong><\/p>\n<p>On a demand\u00e9 \u00e0 quelques coll\u00e8gues leurs moments les plus marquants depuis leur arriv\u00e9e chez NGC et ce qui a le plus chang\u00e9. Les r\u00e9ponses nous ont rappel\u00e9 notre privil\u00e8ge d\u2019\u00eatre impliqu\u00e9 dans le domaine des syst\u00e8mes autonomes spatiaux et a\u00e9riens et de s\u2019y \u00eatre trac\u00e9 une place de choix.<\/p>\n<p>Ce que nos coll\u00e8gues nous ont partag\u00e9\u00a0:<\/p>\n<ul style=\"list-style-type: circle;\">\n<li>Le lancement de PROBA3<\/li>\n<li>Les tests avec le rover Artemis<\/li>\n<li>Aller porter une proposition en personne (avant la possibilit\u00e9 de le faire avec internet!)<\/li>\n<li>L\u2019arriv\u00e9e du robot et le d\u00e9ploiement du laboratoire d\u2019atterrissage LDTF<\/li>\n<li>Le mur de Lune<\/li>\n<li>Les tests d\u2019atterrissage bas\u00e9 Lidar sur un h\u00e9licopt\u00e8re pilot\u00e9<\/li>\n<li>Les recherches pour adapter nos connaissances spatiales sur les drones<\/li>\n<li>Des voyages d\u2019affaires d\u00e9paysants<\/li>\n<li>Des conf\u00e9rences inspirantes<\/li>\n<li>Notre logiciel qui atterri sur la lune<\/li>\n<li>Le premier vol d\u2019un drone de fa\u00e7on 100% autonome avec notre logiciel<\/li>\n<li>Le d\u00e9but d\u2019u programme de d\u00e9veloppement sur les lanceurs<\/li>\n<\/ul>\n<p><strong>R\u00c9FLEXIONS FUTURES<\/strong><\/p>\n<p>Comme on entame notre 26<sup>e<\/sup> ann\u00e9e d\u2019op\u00e9rations, dans un monde bien diff\u00e9rent qu\u2019il y a 25 ans, on ne peut s\u2019emp\u00eacher de mettre sur papier quelques r\u00e9flexions pour le futur de notre domaine que nous aurons l\u2019occasion de partager au cours des prochains mois\u00a0:<\/p>\n<ul>\n<li>Les constellations en tr\u00e8s basse orbite terrestre (VLEO)<\/li>\n<li>Le d\u00e9veloppement des capacit\u00e9s dans les pays \u00e9mergents<\/li>\n<li>La gestion des d\u00e9bris spatiaux<\/li>\n<li>L\u2019utilisation de drones pour le transport de marchandises<\/li>\n<li>Le d\u00e9veloppement d\u2019a\u00e9ronefs autonomes pour le transport de personne<\/li>\n<li>La mobilit\u00e9 a\u00e9rienne urbaine avanc\u00e9e<\/li>\n<\/ul>\n<p><strong>LE C\u0152UR DE NGC\u00a0\u00a0\u00a0 <\/strong><\/p>\n<p>Plusieurs choses nous rendent fiers, chez NGC. On parle souvent de accomplissements techniques\u00a0: son logiciel de commande, d\u2019attitude et d\u2019orbite pr\u00e9sent dans 7 des 28 satellites de l\u2019ESA NGC, son autopilote ayant d\u00e9j\u00e0 vol\u00e9 dans cinq configurations de drone, ses projets dans plus d\u2019une vingtaine de pays.<\/p>\n<p>En v\u00e9rit\u00e9, NGC, c\u2019est surtout ses employ\u00e9s\u00a0: c\u2019est plus de 168 ann\u00e9es de service accumul\u00e9es de la part des membres de son \u00e9quipe, toujours aussi engag\u00e9s par la qualit\u00e9 des projets sur lesquels nous avons l\u2019opportunit\u00e9 de travail et sur la franche ambiance collaborative qu\u2019ils ont b\u00e2ti. Ce sont des coll\u00e8gues qui se serrent les coudes, qui connaissent les familles des uns et des autres, qui se sont d\u00e9velopp\u00e9s en tant que professionnel ensemble. C\u2019est aussi la rel\u00e8ve, l\u2019initiative et le feu de la jeunesse qui constituent nos nouveaux coll\u00e8gues, curieux, inform\u00e9s, qui ont du c\u0153ur au ventre. Ce sont des rires sur l\u2019heure du midi, du yoga au gym, des \u00ab\u00a0NGC Lunch\u00a0\u00bb tous les mois, des festivit\u00e9s d\u2019\u00e9t\u00e9, des BBQ, des voyages d\u2019affaires, des conf\u00e9rences, des lancements, des tests de vols et des formations suivis partout dans le monde, qui contribuent \u00e0 solidifier notre expertise unique.<\/p>\n<p>Pour ce 25<sup>e<\/sup> anniversaire, on s\u2019est donc fait plaisir et on s\u2019est donn\u00e9 \u00ab\u00a0cong\u00e9\u00a0\u00bb en groupe \u2013 nous avons pu profiter d\u2019une magnifique journ\u00e9e en plein air, questions de nourrir les liens qui nous unissent mais aussi d\u2019introduire ce qui guidera nos d\u00e9cisions strat\u00e9giques des cinq prochaines ann\u00e9es. Merci \u00e0 tous nos coll\u00e8gues pour votre pr\u00e9cieuse participation.<\/p>\n<p><strong>REMERCIEMENTS<\/strong><\/p>\n<p>Merci \u00e0 nos collaborateurs de toujours, \u00e0 nos partenaires, aux entreprises qui nous d\u00e9couvrent, \u00e0 celles qui parlent de nous. Vous contribuez \u00e0 faire \u00e9voluer NGC aussi.<\/p>\n","protected":false},"excerpt":{"rendered":"<p>Le 30 avril dernier, NGC a c\u00e9l\u00e9br\u00e9 ses 25 ans d\u2019histoire. Avant d\u2019\u00eatre l\u2019entreprise reconnue \u00e0 l\u2019international qu\u2019elle est, compos\u00e9e de quelques vingtaines de personnes passionn\u00e9es de haute technologie, NGC, c\u2019\u00e9tait une seule personne. En l\u2019honneur de nos 25 ans, on vous pr\u00e9sente les coulisses de la naissance de NGC, quelques moments marquants et nos [&hellip;]<\/p>\n","protected":false},"author":15,"featured_media":0,"comment_status":"closed","ping_status":"open","sticky":false,"template":"","format":"standard","meta":{"_acf_changed":false,"footnotes":""},"categories":[1],"tags":[],"class_list":["post-3276","post","type-post","status-publish","format-standard","hentry","category-non-classifiee"],"acf":[],"yoast_head":"<!-- This site is optimized with the Yoast SEO plugin v28.2 - https:\/\/yoast.com\/product\/yoast-seo-wordpress\/ -->\n<title>NGC a 25 ans - Retour et r\u00e9flexions apr\u00e8s 25 ans de contribution \u00e0 l&#039;industrie a\u00e9rospatiale internationale - NGC A\u00e9rospatiale<\/title>\n<meta name=\"robots\" content=\"index, follow, max-snippet:-1, max-image-preview:large, max-video-preview:-1\" \/>\n<link rel=\"canonical\" href=\"https:\/\/ngcaerospace.com\/fr\/ngc-a-25-ans-retour-et-reflexions-apres-25-ans-de-contribution-a-lindustrie-aerospatiale-internationale\/\" \/>\n<meta property=\"og:locale\" content=\"fr_FR\" \/>\n<meta property=\"og:type\" content=\"article\" \/>\n<meta property=\"og:title\" content=\"NGC a 25 ans - Retour et r\u00e9flexions apr\u00e8s 25 ans de contribution \u00e0 l&#039;industrie a\u00e9rospatiale internationale - NGC A\u00e9rospatiale\" \/>\n<meta property=\"og:description\" content=\"Le 30 avril dernier, NGC a c\u00e9l\u00e9br\u00e9 ses 25 ans d\u2019histoire. Avant d\u2019\u00eatre l\u2019entreprise reconnue \u00e0 l\u2019international qu\u2019elle est, compos\u00e9e de quelques vingtaines de personnes passionn\u00e9es de haute technologie, NGC, c\u2019\u00e9tait une seule personne. En l\u2019honneur de nos 25 ans, on vous pr\u00e9sente les coulisses de la naissance de NGC, quelques moments marquants et nos [&hellip;]\" \/>\n<meta property=\"og:url\" content=\"https:\/\/ngcaerospace.com\/fr\/ngc-a-25-ans-retour-et-reflexions-apres-25-ans-de-contribution-a-lindustrie-aerospatiale-internationale\/\" \/>\n<meta property=\"og:site_name\" content=\"NGC A\u00e9rospatiale\" \/>\n<meta property=\"article:published_time\" content=\"2026-09-01T22:03:36+00:00\" \/>\n<meta property=\"article:modified_time\" content=\"2026-09-01T22:04:09+00:00\" \/>\n<meta name=\"author\" content=\"Ariane Poirier\" \/>\n<meta name=\"twitter:card\" content=\"summary_large_image\" \/>\n<meta name=\"twitter:label1\" content=\"\u00c9crit par\" \/>\n\t<meta name=\"twitter:data1\" content=\"Ariane Poirier\" \/>\n\t<meta name=\"twitter:label2\" content=\"Dur\u00e9e de lecture estim\u00e9e\" \/>\n\t<meta name=\"twitter:data2\" content=\"4 minutes\" \/>\n<script type=\"application\/ld+json\" class=\"yoast-schema-graph\">{\"@context\":\"https:\\\/\\\/schema.org\",\"@graph\":[{\"@type\":\"Article\",\"@id\":\"https:\\\/\\\/ngcaerospace.com\\\/fr\\\/ngc-a-25-ans-retour-et-reflexions-apres-25-ans-de-contribution-a-lindustrie-aerospatiale-internationale\\\/#article\",\"isPartOf\":{\"@id\":\"https:\\\/\\\/ngcaerospace.com\\\/fr\\\/ngc-a-25-ans-retour-et-reflexions-apres-25-ans-de-contribution-a-lindustrie-aerospatiale-internationale\\\/\"},\"author\":{\"name\":\"Ariane Poirier\",\"@id\":\"https:\\\/\\\/ngcaerospace.com\\\/fr\\\/#\\\/schema\\\/person\\\/5fe1371377838069763eb389d8194359\"},\"headline\":\"NGC a 25 ans &#8211; Retour et r\u00e9flexions apr\u00e8s 25 ans de contribution \u00e0 l&rsquo;industrie a\u00e9rospatiale internationale\",\"datePublished\":\"2026-09-01T22:03:36+00:00\",\"dateModified\":\"2026-09-01T22:04:09+00:00\",\"mainEntityOfPage\":{\"@id\":\"https:\\\/\\\/ngcaerospace.com\\\/fr\\\/ngc-a-25-ans-retour-et-reflexions-apres-25-ans-de-contribution-a-lindustrie-aerospatiale-internationale\\\/\"},\"wordCount\":822,\"publisher\":{\"@id\":\"https:\\\/\\\/ngcaerospace.com\\\/fr\\\/#organization\"},\"articleSection\":[\"Non classifi\u00e9(e)\"],\"inLanguage\":\"fr-FR\"},{\"@type\":\"WebPage\",\"@id\":\"https:\\\/\\\/ngcaerospace.com\\\/fr\\\/ngc-a-25-ans-retour-et-reflexions-apres-25-ans-de-contribution-a-lindustrie-aerospatiale-internationale\\\/\",\"url\":\"https:\\\/\\\/ngcaerospace.com\\\/fr\\\/ngc-a-25-ans-retour-et-reflexions-apres-25-ans-de-contribution-a-lindustrie-aerospatiale-internationale\\\/\",\"name\":\"NGC a 25 ans - Retour et r\u00e9flexions apr\u00e8s 25 ans de contribution \u00e0 l'industrie a\u00e9rospatiale internationale - NGC A\u00e9rospatiale\",\"isPartOf\":{\"@id\":\"https:\\\/\\\/ngcaerospace.com\\\/fr\\\/#website\"},\"datePublished\":\"2026-09-01T22:03:36+00:00\",\"dateModified\":\"2026-09-01T22:04:09+00:00\",\"breadcrumb\":{\"@id\":\"https:\\\/\\\/ngcaerospace.com\\\/fr\\\/ngc-a-25-ans-retour-et-reflexions-apres-25-ans-de-contribution-a-lindustrie-aerospatiale-internationale\\\/#breadcrumb\"},\"inLanguage\":\"fr-FR\",\"potentialAction\":[{\"@type\":\"ReadAction\",\"target\":[\"https:\\\/\\\/ngcaerospace.com\\\/fr\\\/ngc-a-25-ans-retour-et-reflexions-apres-25-ans-de-contribution-a-lindustrie-aerospatiale-internationale\\\/\"]}]},{\"@type\":\"BreadcrumbList\",\"@id\":\"https:\\\/\\\/ngcaerospace.com\\\/fr\\\/ngc-a-25-ans-retour-et-reflexions-apres-25-ans-de-contribution-a-lindustrie-aerospatiale-internationale\\\/#breadcrumb\",\"itemListElement\":[{\"@type\":\"ListItem\",\"position\":1,\"name\":\"Accueil\",\"item\":\"https:\\\/\\\/ngcaerospace.com\\\/fr\\\/\"},{\"@type\":\"ListItem\",\"position\":2,\"name\":\"NGC a 25 ans &#8211; Retour et r\u00e9flexions apr\u00e8s 25 ans de contribution \u00e0 l&#8217;industrie a\u00e9rospatiale internationale\"}]},{\"@type\":\"WebSite\",\"@id\":\"https:\\\/\\\/ngcaerospace.com\\\/fr\\\/#website\",\"url\":\"https:\\\/\\\/ngcaerospace.com\\\/fr\\\/\",\"name\":\"NGC A\u00e9rospatiale\",\"description\":\"Un site utilisant WordPress\",\"publisher\":{\"@id\":\"https:\\\/\\\/ngcaerospace.com\\\/fr\\\/#organization\"},\"potentialAction\":[{\"@type\":\"SearchAction\",\"target\":{\"@type\":\"EntryPoint\",\"urlTemplate\":\"https:\\\/\\\/ngcaerospace.com\\\/fr\\\/?s={search_term_string}\"},\"query-input\":{\"@type\":\"PropertyValueSpecification\",\"valueRequired\":true,\"valueName\":\"search_term_string\"}}],\"inLanguage\":\"fr-FR\"},{\"@type\":\"Organization\",\"@id\":\"https:\\\/\\\/ngcaerospace.com\\\/fr\\\/#organization\",\"name\":\"NGC A\u00e9rospatiale\",\"url\":\"https:\\\/\\\/ngcaerospace.com\\\/fr\\\/\",\"logo\":{\"@type\":\"ImageObject\",\"inLanguage\":\"fr-FR\",\"@id\":\"https:\\\/\\\/ngcaerospace.com\\\/fr\\\/#\\\/schema\\\/logo\\\/image\\\/\",\"url\":\"https:\\\/\\\/ngcaerospace.com\\\/wp-content\\\/uploads\\\/2022\\\/01\\\/NGC_White.png\",\"contentUrl\":\"https:\\\/\\\/ngcaerospace.com\\\/wp-content\\\/uploads\\\/2022\\\/01\\\/NGC_White.png\",\"width\":1650,\"height\":825,\"caption\":\"NGC A\u00e9rospatiale\"},\"image\":{\"@id\":\"https:\\\/\\\/ngcaerospace.com\\\/fr\\\/#\\\/schema\\\/logo\\\/image\\\/\"}},{\"@type\":\"Person\",\"@id\":\"https:\\\/\\\/ngcaerospace.com\\\/fr\\\/#\\\/schema\\\/person\\\/5fe1371377838069763eb389d8194359\",\"name\":\"Ariane Poirier\",\"image\":{\"@type\":\"ImageObject\",\"inLanguage\":\"fr-FR\",\"@id\":\"https:\\\/\\\/secure.gravatar.com\\\/avatar\\\/3b36829ccb642c2a32c13827d9f3356ae1da305c7eeaac76ef4877d7e8987fcb?s=96&d=mm&r=g\",\"url\":\"https:\\\/\\\/secure.gravatar.com\\\/avatar\\\/3b36829ccb642c2a32c13827d9f3356ae1da305c7eeaac76ef4877d7e8987fcb?s=96&d=mm&r=g\",\"contentUrl\":\"https:\\\/\\\/secure.gravatar.com\\\/avatar\\\/3b36829ccb642c2a32c13827d9f3356ae1da305c7eeaac76ef4877d7e8987fcb?s=96&d=mm&r=g\",\"caption\":\"Ariane Poirier\"},\"url\":\"https:\\\/\\\/ngcaerospace.com\\\/fr\\\/author\\\/arianep\\\/\"}]}<\/script>\n<!-- \/ Yoast SEO plugin. -->","yoast_head_json":{"title":"NGC a 25 ans - Retour et r\u00e9flexions apr\u00e8s 25 ans de contribution \u00e0 l'industrie a\u00e9rospatiale internationale - NGC A\u00e9rospatiale","robots":{"index":"index","follow":"follow","max-snippet":"max-snippet:-1","max-image-preview":"max-image-preview:large","max-video-preview":"max-video-preview:-1"},"canonical":"https:\/\/ngcaerospace.com\/fr\/ngc-a-25-ans-retour-et-reflexions-apres-25-ans-de-contribution-a-lindustrie-aerospatiale-internationale\/","og_locale":"fr_FR","og_type":"article","og_title":"NGC a 25 ans - Retour et r\u00e9flexions apr\u00e8s 25 ans de contribution \u00e0 l'industrie a\u00e9rospatiale internationale - NGC A\u00e9rospatiale","og_description":"Le 30 avril dernier, NGC a c\u00e9l\u00e9br\u00e9 ses 25 ans d\u2019histoire. Avant d\u2019\u00eatre l\u2019entreprise reconnue \u00e0 l\u2019international qu\u2019elle est, compos\u00e9e de quelques vingtaines de personnes passionn\u00e9es de haute technologie, NGC, c\u2019\u00e9tait une seule personne. En l\u2019honneur de nos 25 ans, on vous pr\u00e9sente les coulisses de la naissance de NGC, quelques moments marquants et nos [&hellip;]","og_url":"https:\/\/ngcaerospace.com\/fr\/ngc-a-25-ans-retour-et-reflexions-apres-25-ans-de-contribution-a-lindustrie-aerospatiale-internationale\/","og_site_name":"NGC A\u00e9rospatiale","article_published_time":"2026-09-01T22:03:36+00:00","article_modified_time":"2026-09-01T22:04:09+00:00","author":"Ariane Poirier","twitter_card":"summary_large_image","twitter_misc":{"\u00c9crit par":"Ariane Poirier","Dur\u00e9e de lecture estim\u00e9e":"4 minutes"},"schema":{"@context":"https:\/\/schema.org","@graph":[{"@type":"Article","@id":"https:\/\/ngcaerospace.com\/fr\/ngc-a-25-ans-retour-et-reflexions-apres-25-ans-de-contribution-a-lindustrie-aerospatiale-internationale\/#article","isPartOf":{"@id":"https:\/\/ngcaerospace.com\/fr\/ngc-a-25-ans-retour-et-reflexions-apres-25-ans-de-contribution-a-lindustrie-aerospatiale-internationale\/"},"author":{"name":"Ariane Poirier","@id":"https:\/\/ngcaerospace.com\/fr\/#\/schema\/person\/5fe1371377838069763eb389d8194359"},"headline":"NGC a 25 ans &#8211; Retour et r\u00e9flexions apr\u00e8s 25 ans de contribution \u00e0 l&rsquo;industrie a\u00e9rospatiale internationale","datePublished":"2026-09-01T22:03:36+00:00","dateModified":"2026-09-01T22:04:09+00:00","mainEntityOfPage":{"@id":"https:\/\/ngcaerospace.com\/fr\/ngc-a-25-ans-retour-et-reflexions-apres-25-ans-de-contribution-a-lindustrie-aerospatiale-internationale\/"},"wordCount":822,"publisher":{"@id":"https:\/\/ngcaerospace.com\/fr\/#organization"},"articleSection":["Non classifi\u00e9(e)"],"inLanguage":"fr-FR"},{"@type":"WebPage","@id":"https:\/\/ngcaerospace.com\/fr\/ngc-a-25-ans-retour-et-reflexions-apres-25-ans-de-contribution-a-lindustrie-aerospatiale-internationale\/","url":"https:\/\/ngcaerospace.com\/fr\/ngc-a-25-ans-retour-et-reflexions-apres-25-ans-de-contribution-a-lindustrie-aerospatiale-internationale\/","name":"NGC a 25 ans - Retour et r\u00e9flexions apr\u00e8s 25 ans de contribution \u00e0 l'industrie a\u00e9rospatiale internationale - NGC A\u00e9rospatiale","isPartOf":{"@id":"https:\/\/ngcaerospace.com\/fr\/#website"},"datePublished":"2026-09-01T22:03:36+00:00","dateModified":"2026-09-01T22:04:09+00:00","breadcrumb":{"@id":"https:\/\/ngcaerospace.com\/fr\/ngc-a-25-ans-retour-et-reflexions-apres-25-ans-de-contribution-a-lindustrie-aerospatiale-internationale\/#breadcrumb"},"inLanguage":"fr-FR","potentialAction":[{"@type":"ReadAction","target":["https:\/\/ngcaerospace.com\/fr\/ngc-a-25-ans-retour-et-reflexions-apres-25-ans-de-contribution-a-lindustrie-aerospatiale-internationale\/"]}]},{"@type":"BreadcrumbList","@id":"https:\/\/ngcaerospace.com\/fr\/ngc-a-25-ans-retour-et-reflexions-apres-25-ans-de-contribution-a-lindustrie-aerospatiale-internationale\/#breadcrumb","itemListElement":[{"@type":"ListItem","position":1,"name":"Accueil","item":"https:\/\/ngcaerospace.com\/fr\/"},{"@type":"ListItem","position":2,"name":"NGC a 25 ans &#8211; Retour et r\u00e9flexions apr\u00e8s 25 ans de contribution \u00e0 l&#8217;industrie a\u00e9rospatiale internationale"}]},{"@type":"WebSite","@id":"https:\/\/ngcaerospace.com\/fr\/#website","url":"https:\/\/ngcaerospace.com\/fr\/","name":"NGC A\u00e9rospatiale","description":"Un site utilisant WordPress","publisher":{"@id":"https:\/\/ngcaerospace.com\/fr\/#organization"},"potentialAction":[{"@type":"SearchAction","target":{"@type":"EntryPoint","urlTemplate":"https:\/\/ngcaerospace.com\/fr\/?s={search_term_string}"},"query-input":{"@type":"PropertyValueSpecification","valueRequired":true,"valueName":"search_term_string"}}],"inLanguage":"fr-FR"},{"@type":"Organization","@id":"https:\/\/ngcaerospace.com\/fr\/#organization","name":"NGC A\u00e9rospatiale","url":"https:\/\/ngcaerospace.com\/fr\/","logo":{"@type":"ImageObject","inLanguage":"fr-FR","@id":"https:\/\/ngcaerospace.com\/fr\/#\/schema\/logo\/image\/","url":"https:\/\/ngcaerospace.com\/wp-content\/uploads\/2022\/01\/NGC_White.png","contentUrl":"https:\/\/ngcaerospace.com\/wp-content\/uploads\/2022\/01\/NGC_White.png","width":1650,"height":825,"caption":"NGC A\u00e9rospatiale"},"image":{"@id":"https:\/\/ngcaerospace.com\/fr\/#\/schema\/logo\/image\/"}},{"@type":"Person","@id":"https:\/\/ngcaerospace.com\/fr\/#\/schema\/person\/5fe1371377838069763eb389d8194359","name":"Ariane Poirier","image":{"@type":"ImageObject","inLanguage":"fr-FR","@id":"https:\/\/secure.gravatar.com\/avatar\/3b36829ccb642c2a32c13827d9f3356ae1da305c7eeaac76ef4877d7e8987fcb?s=96&d=mm&r=g","url":"https:\/\/secure.gravatar.com\/avatar\/3b36829ccb642c2a32c13827d9f3356ae1da305c7eeaac76ef4877d7e8987fcb?s=96&d=mm&r=g","contentUrl":"https:\/\/secure.gravatar.com\/avatar\/3b36829ccb642c2a32c13827d9f3356ae1da305c7eeaac76ef4877d7e8987fcb?s=96&d=mm&r=g","caption":"Ariane Poirier"},"url":"https:\/\/ngcaerospace.com\/fr\/author\/arianep\/"}]}},"_links":{"self":[{"href":"https:\/\/ngcaerospace.com\/fr\/wp-json\/wp\/v2\/posts\/3276","targetHints":{"allow":["GET"]}}],"collection":[{"href":"https:\/\/ngcaerospace.com\/fr\/wp-json\/wp\/v2\/posts"}],"about":[{"href":"https:\/\/ngcaerospace.com\/fr\/wp-json\/wp\/v2\/types\/post"}],"author":[{"embeddable":true,"href":"https:\/\/ngcaerospace.com\/fr\/wp-json\/wp\/v2\/users\/15"}],"replies":[{"embeddable":true,"href":"https:\/\/ngcaerospace.com\/fr\/wp-json\/wp\/v2\/comments?post=3276"}],"version-history":[{"count":4,"href":"https:\/\/ngcaerospace.com\/fr\/wp-json\/wp\/v2\/posts\/3276\/revisions"}],"predecessor-version":[{"id":3281,"href":"https:\/\/ngcaerospace.com\/fr\/wp-json\/wp\/v2\/posts\/3276\/revisions\/3281"}],"wp:attachment":[{"href":"https:\/\/ngcaerospace.com\/fr\/wp-json\/wp\/v2\/media?parent=3276"}],"wp:term":[{"taxonomy":"category","embeddable":true,"href":"https:\/\/ngcaerospace.com\/fr\/wp-json\/wp\/v2\/categories?post=3276"},{"taxonomy":"post_tag","embeddable":true,"href":"https:\/\/ngcaerospace.com\/fr\/wp-json\/wp\/v2\/tags?post=3276"}],"curies":[{"name":"wp","href":"https:\/\/api.w.org\/{rel}","templated":true}]}}